{"id":368501,"date":"2025-06-12T09:42:40","date_gmt":"2025-06-12T07:42:40","guid":{"rendered":"https:\/\/germany.10magazine.com\/?p=368501"},"modified":"2025-06-12T10:42:33","modified_gmt":"2025-06-12T08:42:33","slug":"primavera-sound-barcelona-2025-a-main-pop-girls-milestone","status":"publish","type":"post","link":"https:\/\/germany.10magazine.com\/de\/primavera-sound-barcelona-2025-a-main-pop-girls-milestone\/","title":{"rendered":"Primavera Sound Barcelona 2025: A Main-Pop-Girls Milestone"},"content":{"rendered":"<div class=\"wpb-content-wrapper\"><div class=\"vc_row wpb_row vc_row-fluid\" ><div class=\"wpb_column vc_column_container vc_col-sm-12\"><div class=\"vc_column-inner\"><div class=\"wpb_wrapper\">\n\t<div class=\"wpb_text_column wpb_content_element\" >\n\t\t<div class=\"wpb_wrapper\">\n\t\t\t<p><a href=\"https:\/\/www.instagram.com\/primavera_sound\/?hl=en\" target=\"_blank\" rel=\"noopener\"><span style=\"font-weight: 400\">Primavera Sound Barcelona 2025<\/span><\/a><span style=\"font-weight: 400\"> painted an impressive picture, one worth stepping back to fully appreciate.<\/span><span style=\"font-weight: 400\"><br \/>\n<\/span><span style=\"font-weight: 400\"><br \/>\n<\/span><span style=\"font-weight: 400\">The 23rd edition of the iconic Spanish festival took place June 5 to 7 at the Parc del F\u00f2rum, a modern public park on Barcelona\u2019s coastline. With 14 stages scattered across the site and all tickets sold out by 2 January \u2013 five months before the festival took place \u2013 the 290,000 attendees, from more than 136 countries, reflect a unique harmony between the festival and its audience.<\/span><\/p>\n<p><span style=\"font-weight: 400\">Festival-goers were greeted by a giant statue of <\/span><span style=\"font-weight: 400\">the <a href=\"https:\/\/www.instagram.com\/reel\/DKlJR_kNTpV\/?utm_source=ig_web_copy_link&amp;igsh=MzRlODBiNWFlZA==\" target=\"_blank\" rel=\"noopener\">Powerpuff Girls<\/a><\/span><span style=\"font-weight: 400\"> \u2014 an homage to social media\u2019s fan-led casting of\u00a0 <\/span><a href=\"https:\/\/www.instagram.com\/sabrinacarpenter\/\" target=\"_blank\" rel=\"noopener\"><span style=\"font-weight: 400\">Sabrina Carpenter<\/span><\/a><span style=\"font-weight: 400\">, <\/span><a href=\"https:\/\/www.instagram.com\/chappellroan\/\" target=\"_blank\" rel=\"noopener\"><span style=\"font-weight: 400\">Chappell Roan<\/span><\/a><span style=\"font-weight: 400\"> and <\/span><a href=\"https:\/\/www.instagram.com\/charli_xcx\/\" target=\"_blank\" rel=\"noopener\"><span style=\"font-weight: 400\">Charli xcx<\/span><\/a><span style=\"font-weight: 400\"> as the cartoon\u2019s protagonists.<\/span><\/p>\n\n\t\t<\/div>\n\t<\/div>\n<div class=\"vc_empty_space\"   style=\"height: 32px\"><span class=\"vc_empty_space_inner\"><\/span><\/div>\n\t<div  class=\"wpb_single_image wpb_content_element vc_align_center wpb_content_element\">\n\t\t\n\t\t<figure class=\"wpb_wrapper vc_figure\">\n\t\t\t<div class=\"vc_single_image-wrapper   vc_box_border_grey\"><img decoding=\"async\" width=\"1800\" height=\"1200\" src=\"https:\/\/germany.10magazine.com\/wp-content\/uploads\/2025\/06\/CHAPPELL-ROAN-Estrella-Damm-PS-BCN-25-07_06_25-Clara-Orozco-2.jpg\" class=\"vc_single_image-img attachment-full\" alt=\"\" title=\"\" \/><\/div>\n\t\t<\/figure>\n\t<\/div>\n<div class=\"vc_empty_space\"   style=\"height: 32px\"><span class=\"vc_empty_space_inner\"><\/span><\/div>\n\t<div class=\"wpb_text_column wpb_content_element\" >\n\t\t<div class=\"wpb_wrapper\">\n\t\t\t<p><span style=\"font-weight: 400\">Dishing out \u201csugar, spice, and everything nice\u201d in spades, with performances that reached every corner of the pop-sphere, these three women don\u2019t just perform, but dominate stages worldwide, making international hits that define a whole generation through their specific fashion styles and personalities. If those aren\u2019t superpowers, what are?<\/span><\/p>\n<p><span style=\"font-weight: 400\">While at first glance this might appear as a playful marketing tactic \u2014 perhaps an attempt to <\/span><i><span style=\"font-weight: 400\">coachellise<\/span><\/i><span style=\"font-weight: 400\"> Primavera Sound and appeal to TikTok content creators \u2014 it is true that these three artists represent the holy trinity of contemporary pop. This powerful image of three women headlining such a major festival isn&#8217;t just a milestone for Primavera Sound&#8217;s history: it&#8217;s a significant moment for pop culture itself. What is even more remarkable is that Primavera Sound Barcelona is the <\/span><i><span style=\"font-weight: 400\">only<\/span><\/i><span style=\"font-weight: 400\"> festival worldwide where all three will perform this year.<\/span><\/p>\n<p><span style=\"font-weight: 400\">So, did the festival live up to the hype? Let\u2019s get into the highlights.<\/span><span style=\"font-weight: 400\"><br \/>\n<\/span><span style=\"font-weight: 400\"><br \/>\n<\/span><b>Day 1: Dancing the night away<\/b><\/p>\n<p><span style=\"font-weight: 400\">The first day of the festival was an invasion of one colour: <\/span><i><span style=\"font-weight: 400\">brat<\/span><\/i><span style=\"font-weight: 400\"> green. A year after kicking off her triumphant <\/span><i><span style=\"font-weight: 400\">brat<\/span><\/i><span style=\"font-weight: 400\"> summer at Parc del F\u00f2rum, <\/span><span style=\"font-weight: 400\">Charli xcx<\/span><span style=\"font-weight: 400\"> returned to the festival, joined by one of her closest friends and collaborators, <\/span><a href=\"https:\/\/www.instagram.com\/troyesivan\/\" target=\"_blank\" rel=\"noopener\"><span style=\"font-weight: 400\">Troye Sivan<\/span><\/a><span style=\"font-weight: 400\">. Together, Charli and Troye presented their collaborative <\/span><a href=\"https:\/\/www.instagram.com\/sweattour\/\" target=\"_blank\" rel=\"noopener\"><i><span style=\"font-weight: 400\">Sweat Tour<\/span><\/i><\/a><span style=\"font-weight: 400\"> show \u2014 its European debut. The two pop stars took turns swapping the spotlight and the concert felt like a journey through a wild party: a high-energy show packed with fun, chaos and even emotional moments of vulnerability and reflection. While Charli\u2019s charisma and energy were impossible to ignore, the genuine affection and joy the two artists shared on stage truly made us melt. Trend alert: Troye Sivan\u2019s T-shirt featuring Spanish singer <\/span><a href=\"https:\/\/www.instagram.com\/guitarricadelafuente\/\" target=\"_blank\" rel=\"noopener\"><span style=\"font-weight: 400\">Guitarricadelafuente<\/span><\/a><span style=\"font-weight: 400\"> and Charli\u2019s viral statement piece by Spanish designer <\/span><a href=\"https:\/\/www.instagram.com\/luisdejavier\/\" target=\"_blank\" rel=\"noopener\"><span style=\"font-weight: 400\">Luis De Javier<\/span><\/a><span style=\"font-weight: 400\"> that reads \u201cputa\u201d became festival highlights.<\/span><\/p>\n<p><span style=\"font-weight: 400\">Day one also featured the incredible <\/span><i><span style=\"font-weight: 400\">Eusexua<\/span><\/i><span style=\"font-weight: 400\"> world of <\/span><a href=\"https:\/\/www.instagram.com\/fkatwigs\/\" target=\"_blank\" rel=\"noopener\"><span style=\"font-weight: 400\">FKA twigs<\/span><\/a><span style=\"font-weight: 400\">. The avant-garde pop artist served soaring vocals and jaw-dropping choreography, including levitating around a pole while delivering an out-of-body experience that celebrated human connection and self-healing; reaffirming the joyous abandon of dancing away your problems together with your loved ones. <\/span><span style=\"font-weight: 400\">Berlin-based electronic duo <\/span><a href=\"https:\/\/www.instagram.com\/brutalismus3000\/\" target=\"_blank\" rel=\"noopener\"><span style=\"font-weight: 400\">Brutalismus 3000<\/span><\/a><span style=\"font-weight: 400\"> blasted through one of the other smaller stages, mixing hardstyle, gabber and techno for a wild underground vibe.<\/span><\/p>\n\n\t\t<\/div>\n\t<\/div>\n<div class=\"vc_empty_space\"   style=\"height: 32px\"><span class=\"vc_empty_space_inner\"><\/span><\/div><div class=\"eltdf-image-gallery  eltdf-ig-grid-type eltdf-normal-space  eltdf-image-behavior-lightbox\">\n\t<div class=\"eltdf-ig-inner eltdf-outer-space eltdf-ig-grid eltdf-ig-two-columns\">\n\t\t\t\t\t<div class=\"eltdf-ig-image eltdf-item-space\">\n\t\t\t\t<div class=\"eltdf-ig-image-inner\">\n\t\t\t\t\t\t\t\t\t\t\t<a itemprop=\"image\" class=\"eltdf-ig-lightbox\" href=\"https:\/\/germany.10magazine.com\/wp-content\/uploads\/2025\/06\/FKA-TWIGS-Estrella-Damm-PS-BCN-25-05_06_25-Clara-Orozco-6.jpeg\" data-rel=\"prettyPhoto[image_gallery_pretty_photo-495]\" title=\"\">\n\t\t\t\t\t\t\t\t\t\t\t<img decoding=\"async\" width=\"1800\" height=\"1200\" src=\"https:\/\/germany.10magazine.com\/wp-content\/uploads\/2025\/06\/FKA-TWIGS-Estrella-Damm-PS-BCN-25-05_06_25-Clara-Orozco-6.jpeg\" class=\"attachment-full size-full\" alt=\"\" \/>\t\t\t\t\t\t\t\t\t\t\t<\/a>\n\t\t\t\t\t\t\t\t\t<\/div>\n\t\t\t<\/div>\n\t\t\t\t\t<div class=\"eltdf-ig-image eltdf-item-space\">\n\t\t\t\t<div class=\"eltdf-ig-image-inner\">\n\t\t\t\t\t\t\t\t\t\t\t<a itemprop=\"image\" class=\"eltdf-ig-lightbox\" href=\"https:\/\/germany.10magazine.com\/wp-content\/uploads\/2025\/06\/IMG_4259.jpg\" data-rel=\"prettyPhoto[image_gallery_pretty_photo-495]\" title=\"\">\n\t\t\t\t\t\t\t\t\t\t\t<img decoding=\"async\" width=\"1800\" height=\"1201\" src=\"https:\/\/germany.10magazine.com\/wp-content\/uploads\/2025\/06\/IMG_4259.jpg\" class=\"attachment-full size-full\" alt=\"\" \/>\t\t\t\t\t\t\t\t\t\t\t<\/a>\n\t\t\t\t\t\t\t\t\t<\/div>\n\t\t\t<\/div>\n\t\t\t<\/div>\n<\/div><div class=\"vc_empty_space\"   style=\"height: 32px\"><span class=\"vc_empty_space_inner\"><\/span><\/div>\n\t<div class=\"wpb_text_column wpb_content_element\" >\n\t\t<div class=\"wpb_wrapper\">\n\t\t\t<p><b>Day 2: Pop and vocal perfections<\/b><\/p>\n<p><span style=\"font-weight: 400\">On day two, <\/span><a href=\"https:\/\/www.instagram.com\/sabrinacarpenter\/\" target=\"_blank\" rel=\"noopener\"><span style=\"font-weight: 400\">Sabrina Carpenter<\/span><\/a><span style=\"font-weight: 400\"> showed us another side of pop: polished, effortless and full of charm. Her <\/span><i><span style=\"font-weight: 400\">Short N\u2019 Sweet<\/span><\/i><span style=\"font-weight: 400\"> tour performance was inspired by the world of Hollywood&#8217;s Golden Age, packed with cute choreography and sparkling mini-dresses set in a life-size two-floor dollhouse. While delivering a flawless vocal performance, she shared smiles, jokes and stories with the crowd, creating a warm, kind atmosphere. Almost every song had its own vintage infomercials (like the repellent spray named after her song \u201cManchild\u201d), proving to be a star who doesn\u2019t take herself too seriously.\u00a0<\/span><\/p>\n<p><span style=\"font-weight: 400\">The day also featured <\/span><a href=\"https:\/\/www.instagram.com\/haimtheband\/\" target=\"_blank\" rel=\"noopener\"><span style=\"font-weight: 400\">Haim<\/span><\/a><span style=\"font-weight: 400\">, the three-sister band who mix rock, pop and R&amp;B. Their new tour had a strong \u201canti-relationship\u201d theme, with robotic vocals and LED signs flashing statements like \u201cI quit relationships\u201d.\u00a0<\/span><\/p>\n\n\t\t<\/div>\n\t<\/div>\n<div class=\"vc_empty_space\"   style=\"height: 32px\"><span class=\"vc_empty_space_inner\"><\/span><\/div>\n\t<div  class=\"wpb_single_image wpb_content_element vc_align_center wpb_content_element\">\n\t\t\n\t\t<figure class=\"wpb_wrapper vc_figure\">\n\t\t\t<div class=\"vc_single_image-wrapper   vc_box_border_grey\"><img decoding=\"async\" width=\"1800\" height=\"1200\" src=\"https:\/\/germany.10magazine.com\/wp-content\/uploads\/2025\/06\/SABRINA-CARPENTER-REVOLUT-PS-BCN-25-06_06_25-Sharon-Lopez-25.jpg\" class=\"vc_single_image-img attachment-full\" alt=\"\" title=\"\" \/><\/div>\n\t\t<\/figure>\n\t<\/div>\n<div class=\"vc_empty_space\"   style=\"height: 32px\"><span class=\"vc_empty_space_inner\"><\/span><\/div>\n\t<div class=\"wpb_text_column wpb_content_element\" >\n\t\t<div class=\"wpb_wrapper\">\n\t\t\t<p><b>Day 3: An emotional finale<\/b><span style=\"font-weight: 400\"><br \/>\n<\/span><\/p>\n<p><span style=\"font-weight: 400\">The final day of Primavera Sound brought a powerful, emotional close. <\/span><a href=\"https:\/\/www.instagram.com\/chappellroan\/\" target=\"_blank\" rel=\"noopener\"><span style=\"font-weight: 400\">Chappell Roan<\/span><\/a><span style=\"font-weight: 400\"> did not disappoint her fans, transporting them to an enchanted world of fairies, gothic castles, fantastic creatures and heart-wrenching songs. The first feeling I had was that I landed into the world of <\/span><i><span style=\"font-weight: 400\">Wicked<\/span><\/i><span style=\"font-weight: 400\">, but the clusters of pink cowboy hats and chaps in the crowd brought me back to a Stateside rodeo. The Midwest Princess\u2019 grand entrance, complete with mythical projections and pyrotechnics, set the stage for a performance that solidified her status as a pop luminary, turning her personal struggles and triumphs into anthems for her queer crowd. No other artist at Primavera had the crowd in her palm like Chappell Roan; she didn&#8217;t even need to prompt them for the call-and-response on \u201cFemininomenon\u201d and &#8220;Hot to Go!&#8221;<\/span><\/p>\n<p><span style=\"font-weight: 400\">Within the diverse offerings of a festival like Primavera, the voice of <\/span><a href=\"https:\/\/www.instagram.com\/anohni\/\" target=\"_blank\" rel=\"noopener\"><span style=\"font-weight: 400\">Anhoni and the Johnsons <\/span><\/a><span style=\"font-weight: 400\">represented an angelic call from heaven. Their show was a powerful political statement, with the environmental theme at its core.<\/span><\/p>\n<p><a href=\"https:\/\/www.instagram.com\/fontainesband\/\" target=\"_blank\" rel=\"noopener\"><span style=\"font-weight: 400\">Fontaines D.C.<\/span><\/a><span style=\"font-weight: 400\"> also delivered a powerful festival performance, showcasing their moody post-punk and 90s alternative sound. During their set, they made a clear political statement, dedicating the ballad &#8220;I Love You&#8221; as a solidarity song to Palestine.<\/span><\/p>\n\n\t\t<\/div>\n\t<\/div>\n<div class=\"vc_empty_space\"   style=\"height: 32px\"><span class=\"vc_empty_space_inner\"><\/span><\/div><div class=\"eltdf-image-gallery  eltdf-ig-grid-type eltdf-normal-space  eltdf-image-behavior-lightbox\">\n\t<div class=\"eltdf-ig-inner eltdf-outer-space eltdf-ig-grid eltdf-ig-two-columns\">\n\t\t\t\t\t<div class=\"eltdf-ig-image eltdf-item-space\">\n\t\t\t\t<div class=\"eltdf-ig-image-inner\">\n\t\t\t\t\t\t\t\t\t\t\t<a itemprop=\"image\" class=\"eltdf-ig-lightbox\" href=\"https:\/\/germany.10magazine.com\/wp-content\/uploads\/2025\/06\/CHAPPELL-ROAN-Estrella-Damm-PS-BCN-25-07_06_25-Clara-Orozco-8.jpg\" data-rel=\"prettyPhoto[image_gallery_pretty_photo-568]\" title=\"\">\n\t\t\t\t\t\t\t\t\t\t\t<img decoding=\"async\" width=\"1800\" height=\"1200\" src=\"https:\/\/germany.10magazine.com\/wp-content\/uploads\/2025\/06\/CHAPPELL-ROAN-Estrella-Damm-PS-BCN-25-07_06_25-Clara-Orozco-8.jpg\" class=\"attachment-full size-full\" alt=\"\" \/>\t\t\t\t\t\t\t\t\t\t\t<\/a>\n\t\t\t\t\t\t\t\t\t<\/div>\n\t\t\t<\/div>\n\t\t\t\t\t<div class=\"eltdf-ig-image eltdf-item-space\">\n\t\t\t\t<div class=\"eltdf-ig-image-inner\">\n\t\t\t\t\t\t\t\t\t\t\t<a itemprop=\"image\" class=\"eltdf-ig-lightbox\" href=\"https:\/\/germany.10magazine.com\/wp-content\/uploads\/2025\/06\/ATMOSPHERE-PS-BCN-2025-SilviaVillar-33.jpg\" data-rel=\"prettyPhoto[image_gallery_pretty_photo-568]\" title=\"\">\n\t\t\t\t\t\t\t\t\t\t\t<img decoding=\"async\" width=\"1800\" height=\"1201\" src=\"https:\/\/germany.10magazine.com\/wp-content\/uploads\/2025\/06\/ATMOSPHERE-PS-BCN-2025-SilviaVillar-33.jpg\" class=\"attachment-full size-full\" alt=\"\" \/>\t\t\t\t\t\t\t\t\t\t\t<\/a>\n\t\t\t\t\t\t\t\t\t<\/div>\n\t\t\t<\/div>\n\t\t\t\t\t<div class=\"eltdf-ig-image eltdf-item-space\">\n\t\t\t\t<div class=\"eltdf-ig-image-inner\">\n\t\t\t\t\t\t\t\t\t\t\t<a itemprop=\"image\" class=\"eltdf-ig-lightbox\" href=\"https:\/\/germany.10magazine.com\/wp-content\/uploads\/2025\/06\/FG3A3703.jpg\" data-rel=\"prettyPhoto[image_gallery_pretty_photo-568]\" title=\"\">\n\t\t\t\t\t\t\t\t\t\t\t<img decoding=\"async\" width=\"1800\" height=\"1201\" src=\"https:\/\/germany.10magazine.com\/wp-content\/uploads\/2025\/06\/FG3A3703.jpg\" class=\"attachment-full size-full\" alt=\"\" \/>\t\t\t\t\t\t\t\t\t\t\t<\/a>\n\t\t\t\t\t\t\t\t\t<\/div>\n\t\t\t<\/div>\n\t\t\t\t\t<div class=\"eltdf-ig-image eltdf-item-space\">\n\t\t\t\t<div class=\"eltdf-ig-image-inner\">\n\t\t\t\t\t\t\t\t\t\t\t<a itemprop=\"image\" class=\"eltdf-ig-lightbox\" href=\"https:\/\/germany.10magazine.com\/wp-content\/uploads\/2025\/06\/SABRINA-CARPENTER-REVOLUT-PS-BCN-25-06_06_25-Sharon-Lopez-57.jpg\" data-rel=\"prettyPhoto[image_gallery_pretty_photo-568]\" title=\"\">\n\t\t\t\t\t\t\t\t\t\t\t<img decoding=\"async\" width=\"1800\" height=\"1200\" src=\"https:\/\/germany.10magazine.com\/wp-content\/uploads\/2025\/06\/SABRINA-CARPENTER-REVOLUT-PS-BCN-25-06_06_25-Sharon-Lopez-57.jpg\" class=\"attachment-full size-full\" alt=\"\" \/>\t\t\t\t\t\t\t\t\t\t\t<\/a>\n\t\t\t\t\t\t\t\t\t<\/div>\n\t\t\t<\/div>\n\t\t\t<\/div>\n<\/div><div class=\"vc_empty_space\"   style=\"height: 32px\"><span class=\"vc_empty_space_inner\"><\/span><\/div>\n\t<div class=\"wpb_text_column wpb_content_element\" >\n\t\t<div class=\"wpb_wrapper\">\n\t\t\t<p><span style=\"font-weight: 400\">While the main headliners represented the queens of pop culture, Primavera Sound is a festival that hides many different festivals within it.\u00a0 Beyond the Powerpuff Girls statue at the entrance, a banner proudly declares \u201cSteve Albini First,\u201d honoring the late musician and producer whose noise rock band, <\/span><a href=\"https:\/\/www.instagram.com\/shellacofnorthamerica\/?hl=en\" target=\"_blank\" rel=\"noopener\"><span style=\"font-weight: 400\">Shellac<\/span><\/a><span style=\"font-weight: 400\">, was a festival staple. This stands as a reminder that alongside chart-topping pop, the festival stays true to its alternative rock roots, offering a diverse lineup\u2014from <\/span><a href=\"https:\/\/www.instagram.com\/idlesband\/\"><span style=\"font-weight: 400\">Idles<\/span><\/a><span style=\"font-weight: 400\"> to <\/span><a href=\"https:\/\/www.instagram.com\/officialspzd\/\" target=\"_blank\" rel=\"noopener\"><span style=\"font-weight: 400\">Spiritualized<\/span><\/a><span style=\"font-weight: 400\"> and <\/span><a href=\"https:\/\/www.instagram.com\/beaccchhoussse\/\" target=\"_blank\" rel=\"noopener\"><span style=\"font-weight: 400\">Beach House<\/span><\/a><span style=\"font-weight: 400\"> to <\/span><a href=\"https:\/\/www.instagram.com\/armandvanhelden\/\" target=\"_blank\" rel=\"noopener\"><span style=\"font-weight: 400\">Armand Van Helden<\/span><\/a><span style=\"font-weight: 400\">. Each attendee will have their own unique adventure, but no matter their tastes, everyone will be part of the history of this incredible 23rd edition.<\/span><\/p>\n\n\t\t<\/div>\n\t<\/div>\n<\/div><\/div><\/div><\/div>\n<\/div>","protected":false},"excerpt":{"rendered":"<p>Es ist Sonntagmorgen in der deutschen Hauptstadt. Das Sonnenlicht f\u00e4llt auf den wei\u00dfen K\u00fcchentisch in meinem Berliner Studio \u2013 ein seltener Moment der W\u00e4rme im sonst eisigen Berliner Winter. Ich bereite mich darauf vor, mit der \u00f6sterreichischen S\u00e4ngerin und guten Freundin Sofie Royer zu sprechen.<\/p>\n<p>Wenige Minuten vor unserem geplanten Anruf schreibt sie mir eine Nachricht und entschuldigt sich, dass sie zehn Minuten zu sp\u00e4t dran ist. Ich antworte mit: \u201eDas geht sich aus\u201c \u2013 ein kleiner Moment \u00f6sterreichischer Verbundenheit zwischen uns. Der Song Young-Girl Illusion aus ihrem aktuellen Album Young-Girl Forever l\u00e4uft im Hintergrund und macht das Studio noch gem\u00fctlicher, als sie sich schlie\u00dflich meldet.<\/p>","protected":false},"author":1436,"featured_media":405989,"comment_status":"closed","ping_status":"closed","sticky":false,"template":"","format":"standard","meta":{"_acf_changed":false,"footnotes":"","_wpscp_schedule_draft_date":"","_wpscp_schedule_republish_date":"","_wpscppro_advance_schedule":false,"_wpscppro_advance_schedule_date":"","_wpscppro_dont_share_socialmedia":null,"_wpscppro_custom_social_share_image":0,"_facebook_share_type":"default","_twitter_share_type":"default","_linkedin_share_type":"default","_pinterest_share_type":"default","_linkedin_share_type_page":"","_instagram_share_type":"default","_medium_share_type":"default","_threads_share_type":"","_google_business_share_type":"","_selected_social_profile":[],"_wpsp_enable_custom_social_template":false,"_wpsp_social_scheduling":{"enabled":false,"datetime":null,"platforms":[],"status":"template_only","dateOption":"today","timeOption":"now","customDays":"","customHours":"","customDate":"","customTime":"","schedulingType":"absolute"},"_wpsp_active_default_template":true},"categories":[878],"tags":[497,1077,1079,1078,1076,1080],"season":[],"class_list":["post-368501","post","type-post","status-publish","format-standard","has-post-thumbnail","hentry","category-culture","tag-497","tag-barcelona","tag-chappell-roan","tag-charli-xcx","tag-primavera-sound","tag-sabrina-carpenter"],"acf":[],"yoast_head":"<!-- This site is optimized with the Yoast SEO Premium plugin v24.7 (Yoast SEO v27.0) - https:\/\/yoast.com\/product\/yoast-seo-premium-wordpress\/ -->\n<title>Primavera Sound Barcelona 2025: A Main-Pop-Girls Milestone - 10 Magazine Germany<\/title>\n<meta name=\"description\" content=\"Primavera Sound Barcelona 2025 painted an impressive picture, one worth stepping back to fully appreciate.The 23rd edition of the iconic Spanish festival took place June 5 to 7 at the Parc del F\u00f2rum, a modern public park on Barcelona\u2019s coastline. With 14 stages scattered across the site and all tickets sold out by 2 January \u2013 five months before the festival took place \u2013 the 290,000 attendees, from more than 136 countries, reflect a unique harmony between the festival and its audience.\" \/>\n<meta name=\"robots\" content=\"index, follow, max-snippet:-1, max-image-preview:large, max-video-preview:-1\" \/>\n<link rel=\"canonical\" href=\"https:\/\/germany.10magazine.com\/de\/primavera-sound-barcelona-2025-a-main-pop-girls-milestone\/\" \/>\n<meta property=\"og:locale\" content=\"de_DE\" \/>\n<meta property=\"og:type\" content=\"article\" \/>\n<meta property=\"og:title\" content=\"Primavera Sound Barcelona 2025: A Main-Pop-Girls Milestone\" \/>\n<meta property=\"og:description\" content=\"Primavera Sound Barcelona 2025 painted an impressive picture, one worth stepping back to fully appreciate.The 23rd edition of the iconic Spanish festival took place June 5 to 7 at the Parc del F\u00f2rum, a modern public park on Barcelona\u2019s coastline. With 14 stages scattered across the site and all tickets sold out by 2 January \u2013 five months before the festival took place \u2013 the 290,000 attendees, from more than 136 countries, reflect a unique harmony between the festival and its audience.\" \/>\n<meta property=\"og:url\" content=\"https:\/\/germany.10magazine.com\/de\/primavera-sound-barcelona-2025-a-main-pop-girls-milestone\/\" \/>\n<meta property=\"og:site_name\" content=\"10 Magazine Germany\" \/>\n<meta property=\"article:published_time\" content=\"2025-06-12T07:42:40+00:00\" \/>\n<meta property=\"article:modified_time\" content=\"2025-06-12T08:42:33+00:00\" \/>\n<meta name=\"author\" content=\"Giulio Polverigiani\" \/>\n<meta name=\"twitter:card\" content=\"summary_large_image\" \/>\n<meta name=\"twitter:label1\" content=\"Verfasst von\" \/>\n\t<meta name=\"twitter:data1\" content=\"Giulio Polverigiani\" \/>\n\t<meta name=\"twitter:label2\" content=\"Gesch\u00e4tzte Lesezeit\" \/>\n\t<meta name=\"twitter:data2\" content=\"5\u00a0Minuten\" \/>\n<script type=\"application\/ld+json\" class=\"yoast-schema-graph\">{\"@context\":\"https:\/\/schema.org\",\"@graph\":[{\"@type\":\"Article\",\"@id\":\"https:\/\/germany.10magazine.com\/en_gb\/primavera-sound-barcelona-2025-a-main-pop-girls-milestone\/#article\",\"isPartOf\":{\"@id\":\"https:\/\/germany.10magazine.com\/en_gb\/primavera-sound-barcelona-2025-a-main-pop-girls-milestone\/\"},\"author\":{\"name\":\"Giulio Polverigiani\",\"@id\":\"https:\/\/germany.10magazine.com\/en_gb\/#\/schema\/person\/84f5cdcb00f1e11c761a64674ab39635\"},\"headline\":\"Primavera Sound Barcelona 2025: A Main-Pop-Girls Milestone\",\"datePublished\":\"2025-06-12T07:42:40+00:00\",\"dateModified\":\"2025-06-12T08:42:33+00:00\",\"mainEntityOfPage\":{\"@id\":\"https:\/\/germany.10magazine.com\/en_gb\/primavera-sound-barcelona-2025-a-main-pop-girls-milestone\/\"},\"wordCount\":1088,\"image\":{\"@id\":\"https:\/\/germany.10magazine.com\/en_gb\/primavera-sound-barcelona-2025-a-main-pop-girls-milestone\/#primaryimage\"},\"thumbnailUrl\":\"https:\/\/germany.10magazine.com\/wp-content\/uploads\/2025\/06\/CHAPPELL-ROAN-Estrella-Damm-PS-BCN-25-07_06_25-Clara-Orozco-2.jpg\",\"keywords\":[\"2025\",\"Barcelona\",\"Chappell Roan\",\"Charli xcx\",\"Primavera Sound\",\"Sabrina Carpenter\"],\"articleSection\":[\"Culture\"],\"inLanguage\":\"de\"},{\"@type\":\"WebPage\",\"@id\":\"https:\/\/germany.10magazine.com\/en_gb\/primavera-sound-barcelona-2025-a-main-pop-girls-milestone\/\",\"url\":\"https:\/\/germany.10magazine.com\/en_gb\/primavera-sound-barcelona-2025-a-main-pop-girls-milestone\/\",\"name\":\"Primavera Sound Barcelona 2025: A Main-Pop-Girls Milestone - 10 Magazine Germany\",\"isPartOf\":{\"@id\":\"https:\/\/germany.10magazine.com\/en_gb\/#website\"},\"primaryImageOfPage\":{\"@id\":\"https:\/\/germany.10magazine.com\/en_gb\/primavera-sound-barcelona-2025-a-main-pop-girls-milestone\/#primaryimage\"},\"image\":{\"@id\":\"https:\/\/germany.10magazine.com\/en_gb\/primavera-sound-barcelona-2025-a-main-pop-girls-milestone\/#primaryimage\"},\"thumbnailUrl\":\"https:\/\/germany.10magazine.com\/wp-content\/uploads\/2025\/06\/CHAPPELL-ROAN-Estrella-Damm-PS-BCN-25-07_06_25-Clara-Orozco-2.jpg\",\"datePublished\":\"2025-06-12T07:42:40+00:00\",\"dateModified\":\"2025-06-12T08:42:33+00:00\",\"author\":{\"@id\":\"https:\/\/germany.10magazine.com\/en_gb\/#\/schema\/person\/84f5cdcb00f1e11c761a64674ab39635\"},\"description\":\"Primavera Sound Barcelona 2025 painted an impressive picture, one worth stepping back to fully appreciate.The 23rd edition of the iconic Spanish festival took place June 5 to 7 at the Parc del F\u00f2rum, a modern public park on Barcelona\u2019s coastline. With 14 stages scattered across the site and all tickets sold out by 2 January \u2013 five months before the festival took place \u2013 the 290,000 attendees, from more than 136 countries, reflect a unique harmony between the festival and its audience.\",\"breadcrumb\":{\"@id\":\"https:\/\/germany.10magazine.com\/en_gb\/primavera-sound-barcelona-2025-a-main-pop-girls-milestone\/#breadcrumb\"},\"inLanguage\":\"de\",\"potentialAction\":[{\"@type\":\"ReadAction\",\"target\":[\"https:\/\/germany.10magazine.com\/en_gb\/primavera-sound-barcelona-2025-a-main-pop-girls-milestone\/\"]}]},{\"@type\":\"ImageObject\",\"inLanguage\":\"de\",\"@id\":\"https:\/\/germany.10magazine.com\/en_gb\/primavera-sound-barcelona-2025-a-main-pop-girls-milestone\/#primaryimage\",\"url\":\"https:\/\/germany.10magazine.com\/wp-content\/uploads\/2025\/06\/CHAPPELL-ROAN-Estrella-Damm-PS-BCN-25-07_06_25-Clara-Orozco-2.jpg\",\"contentUrl\":\"https:\/\/germany.10magazine.com\/wp-content\/uploads\/2025\/06\/CHAPPELL-ROAN-Estrella-Damm-PS-BCN-25-07_06_25-Clara-Orozco-2.jpg\"},{\"@type\":\"BreadcrumbList\",\"@id\":\"https:\/\/germany.10magazine.com\/en_gb\/primavera-sound-barcelona-2025-a-main-pop-girls-milestone\/#breadcrumb\",\"itemListElement\":[{\"@type\":\"ListItem\",\"position\":1,\"name\":\"Home\",\"item\":\"https:\/\/germany.10magazine.com\/\"},{\"@type\":\"ListItem\",\"position\":2,\"name\":\"Primavera Sound Barcelona 2025: A Main-Pop-Girls Milestone\"}]},{\"@type\":\"WebSite\",\"@id\":\"https:\/\/germany.10magazine.com\/en_gb\/#website\",\"url\":\"https:\/\/germany.10magazine.com\/en_gb\/\",\"name\":\"10 Magazine Germany\",\"description\":\"10 Magazine is built on the belief that fashion should be shot beautifully and supplemented with exclusive interviews, groundbreaking editorial features and powerful, opinionated journalism.\",\"potentialAction\":[{\"@type\":\"SearchAction\",\"target\":{\"@type\":\"EntryPoint\",\"urlTemplate\":\"https:\/\/germany.10magazine.com\/en_gb\/?s={search_term_string}\"},\"query-input\":{\"@type\":\"PropertyValueSpecification\",\"valueRequired\":true,\"valueName\":\"search_term_string\"}}],\"inLanguage\":\"de\"},{\"@type\":\"Person\",\"@id\":\"https:\/\/germany.10magazine.com\/en_gb\/#\/schema\/person\/84f5cdcb00f1e11c761a64674ab39635\",\"name\":\"Giulio Polverigiani\",\"image\":{\"@type\":\"ImageObject\",\"inLanguage\":\"de\",\"@id\":\"https:\/\/germany.10magazine.com\/en_gb\/#\/schema\/person\/image\/\",\"url\":\"https:\/\/secure.gravatar.com\/avatar\/e57db4b033a07c8f7f717a2d8492fbad21625d4a5149441c62b58b95f93c6a10?s=96&d=mm&r=g\",\"contentUrl\":\"https:\/\/secure.gravatar.com\/avatar\/e57db4b033a07c8f7f717a2d8492fbad21625d4a5149441c62b58b95f93c6a10?s=96&d=mm&r=g\",\"caption\":\"Giulio Polverigiani\"},\"url\":\"https:\/\/germany.10magazine.com\/de\/author\/giuliopolverigiani\/\"}]}<\/script>\n<!-- \/ Yoast SEO Premium plugin. -->","yoast_head_json":{"title":"Primavera Sound Barcelona 2025: A Main-Pop-Girls Milestone - 10 Magazine Germany","description":"Primavera Sound Barcelona 2025 painted an impressive picture, one worth stepping back to fully appreciate.The 23rd edition of the iconic Spanish festival took place June 5 to 7 at the Parc del F\u00f2rum, a modern public park on Barcelona\u2019s coastline. With 14 stages scattered across the site and all tickets sold out by 2 January \u2013 five months before the festival took place \u2013 the 290,000 attendees, from more than 136 countries, reflect a unique harmony between the festival and its audience.","robots":{"index":"index","follow":"follow","max-snippet":"max-snippet:-1","max-image-preview":"max-image-preview:large","max-video-preview":"max-video-preview:-1"},"canonical":"https:\/\/germany.10magazine.com\/de\/primavera-sound-barcelona-2025-a-main-pop-girls-milestone\/","og_locale":"de_DE","og_type":"article","og_title":"Primavera Sound Barcelona 2025: A Main-Pop-Girls Milestone","og_description":"Primavera Sound Barcelona 2025 painted an impressive picture, one worth stepping back to fully appreciate.The 23rd edition of the iconic Spanish festival took place June 5 to 7 at the Parc del F\u00f2rum, a modern public park on Barcelona\u2019s coastline. With 14 stages scattered across the site and all tickets sold out by 2 January \u2013 five months before the festival took place \u2013 the 290,000 attendees, from more than 136 countries, reflect a unique harmony between the festival and its audience.","og_url":"https:\/\/germany.10magazine.com\/de\/primavera-sound-barcelona-2025-a-main-pop-girls-milestone\/","og_site_name":"10 Magazine Germany","article_published_time":"2025-06-12T07:42:40+00:00","article_modified_time":"2025-06-12T08:42:33+00:00","author":"Giulio Polverigiani","twitter_card":"summary_large_image","twitter_misc":{"Verfasst von":"Giulio Polverigiani","Gesch\u00e4tzte Lesezeit":"5\u00a0Minuten"},"schema":{"@context":"https:\/\/schema.org","@graph":[{"@type":"Article","@id":"https:\/\/germany.10magazine.com\/en_gb\/primavera-sound-barcelona-2025-a-main-pop-girls-milestone\/#article","isPartOf":{"@id":"https:\/\/germany.10magazine.com\/en_gb\/primavera-sound-barcelona-2025-a-main-pop-girls-milestone\/"},"author":{"name":"Giulio Polverigiani","@id":"https:\/\/germany.10magazine.com\/en_gb\/#\/schema\/person\/84f5cdcb00f1e11c761a64674ab39635"},"headline":"Primavera Sound Barcelona 2025: A Main-Pop-Girls Milestone","datePublished":"2025-06-12T07:42:40+00:00","dateModified":"2025-06-12T08:42:33+00:00","mainEntityOfPage":{"@id":"https:\/\/germany.10magazine.com\/en_gb\/primavera-sound-barcelona-2025-a-main-pop-girls-milestone\/"},"wordCount":1088,"image":{"@id":"https:\/\/germany.10magazine.com\/en_gb\/primavera-sound-barcelona-2025-a-main-pop-girls-milestone\/#primaryimage"},"thumbnailUrl":"https:\/\/germany.10magazine.com\/wp-content\/uploads\/2025\/06\/CHAPPELL-ROAN-Estrella-Damm-PS-BCN-25-07_06_25-Clara-Orozco-2.jpg","keywords":["2025","Barcelona","Chappell Roan","Charli xcx","Primavera Sound","Sabrina Carpenter"],"articleSection":["Culture"],"inLanguage":"de"},{"@type":"WebPage","@id":"https:\/\/germany.10magazine.com\/en_gb\/primavera-sound-barcelona-2025-a-main-pop-girls-milestone\/","url":"https:\/\/germany.10magazine.com\/en_gb\/primavera-sound-barcelona-2025-a-main-pop-girls-milestone\/","name":"Primavera Sound Barcelona 2025: A Main-Pop-Girls Milestone - 10 Magazine Germany","isPartOf":{"@id":"https:\/\/germany.10magazine.com\/en_gb\/#website"},"primaryImageOfPage":{"@id":"https:\/\/germany.10magazine.com\/en_gb\/primavera-sound-barcelona-2025-a-main-pop-girls-milestone\/#primaryimage"},"image":{"@id":"https:\/\/germany.10magazine.com\/en_gb\/primavera-sound-barcelona-2025-a-main-pop-girls-milestone\/#primaryimage"},"thumbnailUrl":"https:\/\/germany.10magazine.com\/wp-content\/uploads\/2025\/06\/CHAPPELL-ROAN-Estrella-Damm-PS-BCN-25-07_06_25-Clara-Orozco-2.jpg","datePublished":"2025-06-12T07:42:40+00:00","dateModified":"2025-06-12T08:42:33+00:00","author":{"@id":"https:\/\/germany.10magazine.com\/en_gb\/#\/schema\/person\/84f5cdcb00f1e11c761a64674ab39635"},"description":"Primavera Sound Barcelona 2025 painted an impressive picture, one worth stepping back to fully appreciate.The 23rd edition of the iconic Spanish festival took place June 5 to 7 at the Parc del F\u00f2rum, a modern public park on Barcelona\u2019s coastline. With 14 stages scattered across the site and all tickets sold out by 2 January \u2013 five months before the festival took place \u2013 the 290,000 attendees, from more than 136 countries, reflect a unique harmony between the festival and its audience.","breadcrumb":{"@id":"https:\/\/germany.10magazine.com\/en_gb\/primavera-sound-barcelona-2025-a-main-pop-girls-milestone\/#breadcrumb"},"inLanguage":"de","potentialAction":[{"@type":"ReadAction","target":["https:\/\/germany.10magazine.com\/en_gb\/primavera-sound-barcelona-2025-a-main-pop-girls-milestone\/"]}]},{"@type":"ImageObject","inLanguage":"de","@id":"https:\/\/germany.10magazine.com\/en_gb\/primavera-sound-barcelona-2025-a-main-pop-girls-milestone\/#primaryimage","url":"https:\/\/germany.10magazine.com\/wp-content\/uploads\/2025\/06\/CHAPPELL-ROAN-Estrella-Damm-PS-BCN-25-07_06_25-Clara-Orozco-2.jpg","contentUrl":"https:\/\/germany.10magazine.com\/wp-content\/uploads\/2025\/06\/CHAPPELL-ROAN-Estrella-Damm-PS-BCN-25-07_06_25-Clara-Orozco-2.jpg"},{"@type":"BreadcrumbList","@id":"https:\/\/germany.10magazine.com\/en_gb\/primavera-sound-barcelona-2025-a-main-pop-girls-milestone\/#breadcrumb","itemListElement":[{"@type":"ListItem","position":1,"name":"Home","item":"https:\/\/germany.10magazine.com\/"},{"@type":"ListItem","position":2,"name":"Primavera Sound Barcelona 2025: A Main-Pop-Girls Milestone"}]},{"@type":"WebSite","@id":"https:\/\/germany.10magazine.com\/en_gb\/#website","url":"https:\/\/germany.10magazine.com\/en_gb\/","name":"10 Magazine Germany","description":"10 Magazine is built on the belief that fashion should be shot beautifully and supplemented with exclusive interviews, groundbreaking editorial features and powerful, opinionated journalism.","potentialAction":[{"@type":"SearchAction","target":{"@type":"EntryPoint","urlTemplate":"https:\/\/germany.10magazine.com\/en_gb\/?s={search_term_string}"},"query-input":{"@type":"PropertyValueSpecification","valueRequired":true,"valueName":"search_term_string"}}],"inLanguage":"de"},{"@type":"Person","@id":"https:\/\/germany.10magazine.com\/en_gb\/#\/schema\/person\/84f5cdcb00f1e11c761a64674ab39635","name":"Giulio Polverigiani","image":{"@type":"ImageObject","inLanguage":"de","@id":"https:\/\/germany.10magazine.com\/en_gb\/#\/schema\/person\/image\/","url":"https:\/\/secure.gravatar.com\/avatar\/e57db4b033a07c8f7f717a2d8492fbad21625d4a5149441c62b58b95f93c6a10?s=96&d=mm&r=g","contentUrl":"https:\/\/secure.gravatar.com\/avatar\/e57db4b033a07c8f7f717a2d8492fbad21625d4a5149441c62b58b95f93c6a10?s=96&d=mm&r=g","caption":"Giulio Polverigiani"},"url":"https:\/\/germany.10magazine.com\/de\/author\/giuliopolverigiani\/"}]}},"_links":{"self":[{"href":"https:\/\/germany.10magazine.com\/de\/wp-json\/wp\/v2\/posts\/368501","targetHints":{"allow":["GET"]}}],"collection":[{"href":"https:\/\/germany.10magazine.com\/de\/wp-json\/wp\/v2\/posts"}],"about":[{"href":"https:\/\/germany.10magazine.com\/de\/wp-json\/wp\/v2\/types\/post"}],"author":[{"embeddable":true,"href":"https:\/\/germany.10magazine.com\/de\/wp-json\/wp\/v2\/users\/1436"}],"replies":[{"embeddable":true,"href":"https:\/\/germany.10magazine.com\/de\/wp-json\/wp\/v2\/comments?post=368501"}],"version-history":[{"count":0,"href":"https:\/\/germany.10magazine.com\/de\/wp-json\/wp\/v2\/posts\/368501\/revisions"}],"wp:featuredmedia":[{"embeddable":true,"href":"https:\/\/germany.10magazine.com\/de\/wp-json\/"}],"wp:attachment":[{"href":"https:\/\/germany.10magazine.com\/de\/wp-json\/wp\/v2\/media?parent=368501"}],"wp:term":[{"taxonomy":"category","embeddable":true,"href":"https:\/\/germany.10magazine.com\/de\/wp-json\/wp\/v2\/categories?post=368501"},{"taxonomy":"post_tag","embeddable":true,"href":"https:\/\/germany.10magazine.com\/de\/wp-json\/wp\/v2\/tags?post=368501"},{"taxonomy":"season","embeddable":true,"href":"https:\/\/germany.10magazine.com\/de\/wp-json\/wp\/v2\/season?post=368501"}],"curies":[{"name":"wp","href":"https:\/\/api.w.org\/{rel}","templated":true}]}}